{"id":3089,"date":"2018-04-30T17:11:07","date_gmt":"2018-04-30T20:11:07","guid":{"rendered":"http:\/\/www.fightersport.com.br\/pt\/?p=3089"},"modified":"2018-04-30T17:18:03","modified_gmt":"2018-04-30T20:18:03","slug":"zona-do-esporte-gm-evilazio-feitoza-vira-de-new-york-para-seminarios-no-ceara","status":"publish","type":"post","link":"https:\/\/www.fightersport.com.br\/en\/zona-do-esporte-gm-evilazio-feitoza-vira-de-new-york-para-seminarios-no-ceara\/","title":{"rendered":"Zona do Esporte &#8211; GM Evilazio Feitoza will come from New York for seminars in Cear\u00e1"},"content":{"rendered":"<h2>GM Evilazio Feitoza will come from New York for seminars in Cear\u00e1<\/h2>\n<p><img loading=\"lazy\" decoding=\"async\" class=\"size-full wp-image-3091 alignleft\" src=\"http:\/\/www.fightersport.com.br\/wp-content\/uploads\/2018\/04\/29748950_10156365559004421_1441494945_o.jpg\" alt=\"\" width=\"300\" height=\"300\" srcset=\"https:\/\/www.fightersport.com.br\/wp-content\/uploads\/2018\/04\/29748950_10156365559004421_1441494945_o.jpg 300w, https:\/\/www.fightersport.com.br\/wp-content\/uploads\/2018\/04\/29748950_10156365559004421_1441494945_o-150x150.jpg 150w\" sizes=\"(max-width: 300px) 100vw, 300px\" \/><br \/>\nBorn in Apraz\u00edvel, Sobral District, 230 km from Fortaleza, Evil\u00e1zio Feitoza also lived part of his childhood in the mountain range of Tiangu\u00e1. It was at this time that he began his martial arts training by practicing Shotokan Karate.<\/p>\n<p>In his adolescence, Evil\u00e1zio moved from Cear\u00e1 to the state of S\u00e3o Paulo, where he began his practice of Kung-Do-Te, Full Contact (Kickboxing version) and Total Portuguese Contact with the Portuguese master residing in Brazil Adriano Silva.<\/p>\n<p>Later, he also perfected his techniques with the renowned world boxing champion, Miguel de Oliveira.<\/p>\n<p>Today, Grand Master Evil\u00e1zio Feitoza is considered one of the most important names in the state of Cear\u00e1 and also in all of Brazil when it comes to Muay Thai, Kickboxing and MMA.<\/p>\n<p>His fame has also reached the other countries of South America, as well as in Europe, the Middle East and Asia, where he is always asked for his credentials. His name has already become a benchmark of success among martial artists and contact sports in general.<\/p>\n<p>As competitor Evil\u00e1zio maintain an impressive resume: Six times Brazilian champion (1983-1987) and his cartel has a record of 37 fights, being 35 wins. He is already more than 40 years involved in martial arts and contact sports.<\/p>\n<p>Currently sporting the graduations of 15\u00ba Khan (Grand Master) of Muay Thai, black belt 8\u00ba Dan of Kickboxing and 5\u00ba Dan in Full Contact and Total Contact Portuguese, Feitoza also has already consolidated like a competent trainer.<\/p>\n<p>In his journey as coach he has already revealed to the world several high-performance athletes, among them Thiago &#8220;Pitbull&#8221; Alves, (currently UFC fighter), Paulo Guerreiro and Andrezinho Nogueira, besides already working with names of Jorge Patino &#8220;Macaco&#8221;, &#8220;The Pedro&#8221;, James Adler, Ricardo Freire, Gabriel Nap\u00e3o and Assu\u00e9rio Silva, among others.<\/p>\n<p>Currently he moved to the US and is living in New York (Long Island, Suffolk County,). In addition to tutoring, he also teaches at the academy of renowned athlete Matt Serra, a former UFC fighter and black Jiu-Jitsu belt by Renzo Gracie.<\/p>\n<p>His intention is to reveal new talents for the sport he loves so much, also in the USA, but even so, he still maintains representatives in Brazil, distributed in the states of Cear\u00e1 (in Fortaleza and in the region of Cariri), Para\u00edba and S\u00e3o Paulo.<\/p>\n<p>Therefore, Grand Master Evil\u00e1zio Feitoza, who is one of the biggest names in ISKA (International Sport Kickboxing Association), will be coming from New York, USA, to Brazil, where he will teach a series of seminars in the state of Cear\u00e1 . In the opportunity he will take undergraduate and training exams in Muay Thai and Kick Boxing.<\/p>\n<p>We are announcing the programming of Grand Master Evil\u00e1zio Feitoza for those interested. Take advantage of the opportunity as the vacancies are limited:<\/p>\n<p><strong>PROGRAMA\u00c7\u00c3O:<\/strong><\/p>\n<p><strong>S\u00e1bado \u2013 05 de maio<\/strong><\/p>\n<p><strong>Local:<\/strong><br \/>\nGalp\u00e3o de Lutas de Maracana\u00fa<br \/>\nRua: Juta\u00ed Magalh\u00e3es, 81 \u2013 Pr\u00f3ximo ao Frangol\u00e2ndia. \u2013\u00a0Maracana\u00fa\/CE<\/p>\n<p><strong>Hor\u00e1rios:<\/strong><br \/>\n9h \u2013 Semin\u00e1rio<br \/>\n14h \u2013 Exame de Gradua\u00e7\u00e3o<\/p>\n<p>_____________________________<\/p>\n<p><strong>Domingo \u2013 06 de maio<\/strong><\/p>\n<p><strong>Local:<\/strong><br \/>\nAcademia CrossGym<br \/>\nRua: Rep\u00fablica do L\u00edbano, 1415 \u2013 Varjota \u2013\u00a0Fortaleza\/CE<\/p>\n<p><strong>Hor\u00e1rio:<\/strong><br \/>\n9h \u2013 Semin\u00e1rio T\u00e9cnico<\/p>\n<p>_____________________________<\/p>\n<p><strong>Segunda \u2013 07 de maio<\/strong><\/p>\n<p><strong>Local:<\/strong><br \/>\nCT V8<br \/>\nAv. Coronel Jos\u00e9 Philomeno Gomes, 1148 \u2013 Luciano Cavalcante \u2013\u00a0Fortaleza\/CE<\/p>\n<p><strong>Hor\u00e1rio:<\/strong><br \/>\n9h \u2013 Semin\u00e1rio T\u00e9cnico<\/p>\n<p>_____________________________<\/p>\n<p><strong>Sexta \u2013 11 de maio<\/strong><\/p>\n<p><strong>Local:<\/strong><br \/>\nSESC de Juazeiro do Norte<br \/>\nR. da Matriz, 227 \u2013 Centro \u2013 Juazeiro do Norte\/CE<\/p>\n<p><strong>Hor\u00e1rio:<\/strong><br \/>\n9h \u2013 Semin\u00e1rio T\u00e9cnico<\/p>\n<p>_____________________________<\/p>\n<p><strong>S\u00e1bado \u2013 12 de maio<\/strong><\/p>\n<p><strong>Local:<\/strong><br \/>\nSESC de Juazeiro do Norte<br \/>\nR. da Matriz, 227 \u2013 Centro \u2013 Juazeiro do Norte\/CE<\/p>\n<p><strong>Hor\u00e1rio:<\/strong><br \/>\n15h \u2013 Exame de Gradua\u00e7\u00e3o<\/p>\n<p>*Source \/ Collaborator Oriosvaldo Costa<\/p>\n<p>Credits: <a href=\"https:\/\/zonadoesporte.com.br\/gm-evilazio-feitoza-vira-de-new-york-para-seminarios-no-ceara\/\" target=\"_blank\" rel=\"noopener\">ZONA ESPORTE<\/a><\/p>\n","protected":false},"excerpt":{"rendered":"<p>GM Evilazio Feitoza will come from New York for seminars in Cear\u00e1 Born in Apraz\u00edvel, Sobral District, 230 km from Fortaleza, Evil\u00e1zio Feitoza also lived part of his childhood in the mountain range of Tiangu\u00e1. It was at this time that he began his martial arts training by practicing Shotokan Karate. In his adolescence, Evil\u00e1zio [&hellip;]<\/p>\n","protected":false},"author":1,"featured_media":3090,"comment_status":"closed","ping_status":"closed","sticky":false,"template":"","format":"standard","meta":{"_acf_changed":false,"footnotes":""},"categories":[3],"tags":[],"class_list":["post-3089","post","type-post","status-publish","format-standard","has-post-thumbnail","hentry","category-news"],"acf":[],"_links":{"self":[{"href":"https:\/\/www.fightersport.com.br\/en\/wp-json\/wp\/v2\/posts\/3089"}],"collection":[{"href":"https:\/\/www.fightersport.com.br\/en\/wp-json\/wp\/v2\/posts"}],"about":[{"href":"https:\/\/www.fightersport.com.br\/en\/wp-json\/wp\/v2\/types\/post"}],"author":[{"embeddable":true,"href":"https:\/\/www.fightersport.com.br\/en\/wp-json\/wp\/v2\/users\/1"}],"replies":[{"embeddable":true,"href":"https:\/\/www.fightersport.com.br\/en\/wp-json\/wp\/v2\/comments?post=3089"}],"version-history":[{"count":3,"href":"https:\/\/www.fightersport.com.br\/en\/wp-json\/wp\/v2\/posts\/3089\/revisions"}],"predecessor-version":[{"id":3094,"href":"https:\/\/www.fightersport.com.br\/en\/wp-json\/wp\/v2\/posts\/3089\/revisions\/3094"}],"wp:featuredmedia":[{"embeddable":true,"href":"https:\/\/www.fightersport.com.br\/en\/wp-json\/wp\/v2\/media\/3090"}],"wp:attachment":[{"href":"https:\/\/www.fightersport.com.br\/en\/wp-json\/wp\/v2\/media?parent=3089"}],"wp:term":[{"taxonomy":"category","embeddable":true,"href":"https:\/\/www.fightersport.com.br\/en\/wp-json\/wp\/v2\/categories?post=3089"},{"taxonomy":"post_tag","embeddable":true,"href":"https:\/\/www.fightersport.com.br\/en\/wp-json\/wp\/v2\/tags?post=3089"}],"curies":[{"name":"wp","href":"https:\/\/api.w.org\/{rel}","templated":true}]}}