{"id":2605,"date":"2018-02-03T09:36:06","date_gmt":"2018-02-03T12:36:06","guid":{"rendered":"http:\/\/www.fightersport.com.br\/pt\/?p=2605"},"modified":"2018-02-03T09:43:59","modified_gmt":"2018-02-03T12:43:59","slug":"andrezinho-nogueira-fecha-camp-nos-estados-unidos-para-triunfar-no-tko-mma-no-canada","status":"publish","type":"post","link":"https:\/\/www.fightersport.com.br\/pt\/andrezinho-nogueira-fecha-camp-nos-estados-unidos-para-triunfar-no-tko-mma-no-canada\/","title":{"rendered":"Andrezinho Nogueira fecha camp nos Estados Unidos para triunfar no TKO MMA no Canad\u00e1"},"content":{"rendered":"<p>A exatos um mes e 16 dias da luta pelo cintur\u00e3o do TKO MMA, diante de TJ Laramie, Andrezinho Nogueira j\u00e1 faz as malas para viajar rumo aos Estados Unidos. Neste domingo, 4 de fevereiro, ele embarca para Florida, onde ser\u00e1 realizada a primeira fase do camp de treinamentos, na ATT e logo depois vai para Nova York treinar com o lend\u00e1rio <strong>Gr\u00e3o Mestre Evil\u00e1zio Feitoza<\/strong>.<\/p>\n<p>Andrezinho acredita que o material humano que forma a ATT e a <strong>Fighter Sport<\/strong> ser\u00e1 fundamental para a reta final de seu camp. Diante de Laramie, o peso-pena quer repetir o n\u00edvel de exibi\u00e7\u00e3o que o tornaram campe\u00e3o do Bitetti Combat, BKF e do pr\u00f3prio TKO.\u201dEu estou bastante motivado pra conquistar este titulo t\u00e3o importante para a minha carreira. Eu acredito que sera uma grande luta pois somos dois atletas de alto n\u00edvel mas tenho confian\u00e7a no meu jogo e vou pra cima em busca da vitoria\u201d, disse o faixa-preta de Jiu-Jitsu, que est\u00e1 pronto para qualquer situa\u00e7\u00e3o.<\/p>\n<p>\u201cEle \u00e9 um cara bom de ch\u00e3o, \u00e9 wrestling, tem um n\u00edvel alto, mas vou buscar a finaliza\u00e7\u00e3o para representar bem o Jiu-Jitsu\u201d, comentou.<\/p>\n<p>\u201cQueria agradecer a Deus, minha fam\u00edlia, o <strong>Gr\u00e3o\u00a0Mestre Evil\u00e1zio Feitoz<\/strong>a pelo suporte, Ahardecer tamb\u00e9m que me ajudou no treinamento aqui no Cear\u00e1 com toda minha equipe MG e os professores Andr\u00e9 Gigueto e Hugo Botelho, ao Projeto Social Luta pela Vida com os faixas-pretas Emanoel Marrom e Marcelo Marques, al\u00e9m do Lazaro de Jesus, Vagner Robocop, Assu\u00e9rio Silva, Tayrone Guedes e Hermes Fran\u00e7a.<\/p>\n<p>Agradecer os meus patrocinadores, Evidence, A\u00e7ailandia, Panificadora Art P\u00e3o, Clinica Saber Viver, Aloha, Betel, Sou Energy, Restaurante Bitonho e Cia, Rei do \u00d3leo, Moving, Loteamento Novo Inharim em Vi\u00e7osa, Sushijah, meu nutricionista Daniel Coimbra, meu fisioterapeuta\u00a0 Dr. Edigerson Seabra e Arcanjo Camisas.<\/p>\n<p>Tamb\u00e9m reconhecer o apoio do prefeito Z\u00e9 Firmino de Vicosa.<\/p>\n<p>Vale destacar que o TKO MMA foi o torneio que revelou George StPierre para o UFC e contar\u00e1 com transmiss\u00e3o ao vivo pelo @ufcfightpass.<\/p>\n<p><strong>TKO Major League MMA<\/strong><br \/>\n<strong>Laval, Quebec, Canad\u00e1<\/strong><br \/>\n<strong>16 de mar\u00e7o de 2018<\/strong><\/p>\n<p><strong>TJ Laramie x Jo\u00e3o Luis Nogueira\u00a0<\/strong><br \/>\n<strong>Jo Vall\u00e9e x Strahinja Gavrilovic\u00a0<\/strong><br \/>\n<strong>Malcolm Gordon x Jordan Graham\u00a0<\/strong><br \/>\n<strong>Collin Baikie x Michael Dufort\u00a0<\/strong><br \/>\n<strong>Brendan Kornberger x Francis Charbonneau\u00a0<\/strong><br \/>\n<strong>Olivier Nadeau x Mateo Vogel\u00a0<\/strong><br \/>\n<strong>D. Mcintyre x Frederick Dupras<\/strong><\/p>\n<div class=\"td-post-author-name\">By\u00a0J\u00fanior Samurai\u00a0&#8211;\u00a0<span class=\"td-post-date\"><time class=\"entry-date updated td-module-date\" datetime=\"2018-02-01T16:57:52+00:00\">1 de fevereiro de 2018<\/time><\/span><\/div>\n","protected":false},"excerpt":{"rendered":"<p>A exatos um mes e 16 dias da luta pelo cintur\u00e3o do TKO MMA, diante de TJ Laramie, Andrezinho Nogueira j\u00e1 faz as malas para viajar rumo aos Estados Unidos. Neste domingo, 4 de fevereiro, ele embarca para Florida, onde ser\u00e1 realizada a primeira fase do camp de treinamentos, na ATT e logo depois vai [&hellip;]<\/p>\n","protected":false},"author":1,"featured_media":2606,"comment_status":"closed","ping_status":"closed","sticky":false,"template":"","format":"standard","meta":{"_acf_changed":false,"footnotes":""},"categories":[3],"tags":[],"class_list":["post-2605","post","type-post","status-publish","format-standard","has-post-thumbnail","hentry","category-news"],"acf":[],"_links":{"self":[{"href":"https:\/\/www.fightersport.com.br\/pt\/wp-json\/wp\/v2\/posts\/2605"}],"collection":[{"href":"https:\/\/www.fightersport.com.br\/pt\/wp-json\/wp\/v2\/posts"}],"about":[{"href":"https:\/\/www.fightersport.com.br\/pt\/wp-json\/wp\/v2\/types\/post"}],"author":[{"embeddable":true,"href":"https:\/\/www.fightersport.com.br\/pt\/wp-json\/wp\/v2\/users\/1"}],"replies":[{"embeddable":true,"href":"https:\/\/www.fightersport.com.br\/pt\/wp-json\/wp\/v2\/comments?post=2605"}],"version-history":[{"count":3,"href":"https:\/\/www.fightersport.com.br\/pt\/wp-json\/wp\/v2\/posts\/2605\/revisions"}],"predecessor-version":[{"id":2609,"href":"https:\/\/www.fightersport.com.br\/pt\/wp-json\/wp\/v2\/posts\/2605\/revisions\/2609"}],"wp:featuredmedia":[{"embeddable":true,"href":"https:\/\/www.fightersport.com.br\/pt\/wp-json\/wp\/v2\/media\/2606"}],"wp:attachment":[{"href":"https:\/\/www.fightersport.com.br\/pt\/wp-json\/wp\/v2\/media?parent=2605"}],"wp:term":[{"taxonomy":"category","embeddable":true,"href":"https:\/\/www.fightersport.com.br\/pt\/wp-json\/wp\/v2\/categories?post=2605"},{"taxonomy":"post_tag","embeddable":true,"href":"https:\/\/www.fightersport.com.br\/pt\/wp-json\/wp\/v2\/tags?post=2605"}],"curies":[{"name":"wp","href":"https:\/\/api.w.org\/{rel}","templated":true}]}}