{"id":2938,"date":"2018-03-06T12:34:12","date_gmt":"2018-03-06T15:34:12","guid":{"rendered":"http:\/\/www.fightersport.com.br\/pt\/?p=2938"},"modified":"2018-03-06T16:17:39","modified_gmt":"2018-03-06T19:17:39","slug":"gm-evilazio-feitoza-confere-graduacao-para-junior-killer","status":"publish","type":"post","link":"https:\/\/www.fightersport.com.br\/pt\/gm-evilazio-feitoza-confere-graduacao-para-junior-killer\/","title":{"rendered":"GM Evilazio Feitoza confere gradua\u00e7\u00e3o para J\u00fanior Killer."},"content":{"rendered":"<p>Neste domingo, dia 04 de mar\u00e7o de 2018. o Gr\u00e3o Mestre Evilazio Feitoza, realizou o reconhecimento de gradua\u00e7\u00e3o para Faixa Preta 2\u00ba Dan em Kickboxing ao atleta Rom\u00e1rio Manoel da Silva J\u00fanior, mais conhecido nas lutas por J\u00fanior &#8220;Killer&#8221;. A gradua\u00e7\u00e3o aconteceu na cidade de Nova York, nos Estados Unidos na Academia MaxBjj. Equipe de Matt Serra, Ex-lutador do UFC.<\/p>\n<p>Veja as fotos dos momentos.<\/p>\n\r\n\t\t<style type='text\/css'>\r\n\t\t\t#gallery-1 {\r\n\t\t\t\tmargin: auto;\r\n\t\t\t}\r\n\t\t\t#gallery-1 .gallery-item {\r\n\t\t\t\tfloat: left;\r\n\t\t\t\tmargin-top: 10px;\r\n\t\t\t\ttext-align: center;\r\n\t\t\t\twidth: 25%;\r\n\t\t\t}\r\n\t\t\t#gallery-1 img {\r\n\t\t\t\tborder: 2px solid #cfcfcf;\r\n\t\t\t}\r\n\t\t\t#gallery-1 .gallery-caption {\r\n\t\t\t\tmargin-left: 0;\r\n\t\t\t}\r\n\t\t\t\/* see gallery_shortcode() in wp-includes\/media.php *\/\r\n\t\t<\/style>\n\t\t<div id='gallery-1' class='gallery galleryid-2938 gallery-columns-4 gallery-size-thumbnail'><dl class='gallery-item'>\r\n\t\t\t<dt class='gallery-icon portrait'>\r\n\t\t\t\t<a href='https:\/\/www.fightersport.com.br\/wp-content\/uploads\/2018\/03\/WhatsApp-Image-2018-03-06-at-00.02.23.jpeg'><img loading=\"lazy\" decoding=\"async\" width=\"150\" height=\"150\" src=\"https:\/\/www.fightersport.com.br\/wp-content\/uploads\/2018\/03\/WhatsApp-Image-2018-03-06-at-00.02.23-150x150.jpeg\" class=\"attachment-thumbnail size-thumbnail\" alt=\"\" \/><\/a>\r\n\t\t\t<\/dt><\/dl><dl class='gallery-item'>\r\n\t\t\t<dt class='gallery-icon portrait'>\r\n\t\t\t\t<a href='https:\/\/www.fightersport.com.br\/wp-content\/uploads\/2018\/03\/WhatsApp-Image-2018-03-06-at-00.02.21-1.jpeg'><img loading=\"lazy\" decoding=\"async\" width=\"150\" height=\"150\" src=\"https:\/\/www.fightersport.com.br\/wp-content\/uploads\/2018\/03\/WhatsApp-Image-2018-03-06-at-00.02.21-1-150x150.jpeg\" class=\"attachment-thumbnail size-thumbnail\" alt=\"\" \/><\/a>\r\n\t\t\t<\/dt><\/dl><dl class='gallery-item'>\r\n\t\t\t<dt class='gallery-icon landscape'>\r\n\t\t\t\t<a href='https:\/\/www.fightersport.com.br\/wp-content\/uploads\/2018\/03\/WhatsApp-Image-2018-03-06-at-00.02.22-1.jpeg'><img loading=\"lazy\" decoding=\"async\" width=\"150\" height=\"150\" src=\"https:\/\/www.fightersport.com.br\/wp-content\/uploads\/2018\/03\/WhatsApp-Image-2018-03-06-at-00.02.22-1-150x150.jpeg\" class=\"attachment-thumbnail size-thumbnail\" alt=\"\" \/><\/a>\r\n\t\t\t<\/dt><\/dl><dl class='gallery-item'>\r\n\t\t\t<dt class='gallery-icon landscape'>\r\n\t\t\t\t<a href='https:\/\/www.fightersport.com.br\/wp-content\/uploads\/2018\/03\/WhatsApp-Image-2018-03-06-at-00.02.22.jpeg'><img loading=\"lazy\" decoding=\"async\" width=\"150\" height=\"150\" src=\"https:\/\/www.fightersport.com.br\/wp-content\/uploads\/2018\/03\/WhatsApp-Image-2018-03-06-at-00.02.22-150x150.jpeg\" class=\"attachment-thumbnail size-thumbnail\" alt=\"\" \/><\/a>\r\n\t\t\t<\/dt><\/dl><br style=\"clear: both\" \/><dl class='gallery-item'>\r\n\t\t\t<dt class='gallery-icon portrait'>\r\n\t\t\t\t<a href='https:\/\/www.fightersport.com.br\/wp-content\/uploads\/2018\/03\/WhatsApp-Image-2018-03-06-at-00.02.21.jpeg'><img loading=\"lazy\" decoding=\"async\" width=\"150\" height=\"150\" src=\"https:\/\/www.fightersport.com.br\/wp-content\/uploads\/2018\/03\/WhatsApp-Image-2018-03-06-at-00.02.21-150x150.jpeg\" class=\"attachment-thumbnail size-thumbnail\" alt=\"\" \/><\/a>\r\n\t\t\t<\/dt><\/dl><br style=\"clear: both\" \/><\/div>\n\n","protected":false},"excerpt":{"rendered":"<p>Neste domingo, dia 04 de mar\u00e7o de 2018. o Gr\u00e3o Mestre Evilazio Feitoza, realizou o reconhecimento de gradua\u00e7\u00e3o para Faixa Preta 2\u00ba Dan em Kickboxing ao atleta Rom\u00e1rio Manoel da Silva J\u00fanior, mais conhecido nas lutas por J\u00fanior &#8220;Killer&#8221;. A gradua\u00e7\u00e3o aconteceu na cidade de Nova York, nos Estados Unidos na Academia MaxBjj. Equipe de [&hellip;]<\/p>\n","protected":false},"author":1,"featured_media":2942,"comment_status":"closed","ping_status":"closed","sticky":false,"template":"","format":"standard","meta":{"_acf_changed":false,"footnotes":""},"categories":[3,4],"tags":[],"class_list":["post-2938","post","type-post","status-publish","format-standard","has-post-thumbnail","hentry","category-news","category-photo-gallery"],"acf":[],"_links":{"self":[{"href":"https:\/\/www.fightersport.com.br\/pt\/wp-json\/wp\/v2\/posts\/2938"}],"collection":[{"href":"https:\/\/www.fightersport.com.br\/pt\/wp-json\/wp\/v2\/posts"}],"about":[{"href":"https:\/\/www.fightersport.com.br\/pt\/wp-json\/wp\/v2\/types\/post"}],"author":[{"embeddable":true,"href":"https:\/\/www.fightersport.com.br\/pt\/wp-json\/wp\/v2\/users\/1"}],"replies":[{"embeddable":true,"href":"https:\/\/www.fightersport.com.br\/pt\/wp-json\/wp\/v2\/comments?post=2938"}],"version-history":[{"count":4,"href":"https:\/\/www.fightersport.com.br\/pt\/wp-json\/wp\/v2\/posts\/2938\/revisions"}],"predecessor-version":[{"id":2948,"href":"https:\/\/www.fightersport.com.br\/pt\/wp-json\/wp\/v2\/posts\/2938\/revisions\/2948"}],"wp:featuredmedia":[{"embeddable":true,"href":"https:\/\/www.fightersport.com.br\/pt\/wp-json\/wp\/v2\/media\/2942"}],"wp:attachment":[{"href":"https:\/\/www.fightersport.com.br\/pt\/wp-json\/wp\/v2\/media?parent=2938"}],"wp:term":[{"taxonomy":"category","embeddable":true,"href":"https:\/\/www.fightersport.com.br\/pt\/wp-json\/wp\/v2\/categories?post=2938"},{"taxonomy":"post_tag","embeddable":true,"href":"https:\/\/www.fightersport.com.br\/pt\/wp-json\/wp\/v2\/tags?post=2938"}],"curies":[{"name":"wp","href":"https:\/\/api.w.org\/{rel}","templated":true}]}}