{"id":3031,"date":"2018-04-19T17:48:10","date_gmt":"2018-04-19T20:48:10","guid":{"rendered":"http:\/\/www.fightersport.com.br\/pt\/?p=3031"},"modified":"2018-04-19T17:52:45","modified_gmt":"2018-04-19T20:52:45","slug":"grao-mestre-de-muay-thai-evilazio-feitoza-realizara-seminario-em-fortaleza","status":"publish","type":"post","link":"https:\/\/www.fightersport.com.br\/pt\/grao-mestre-de-muay-thai-evilazio-feitoza-realizara-seminario-em-fortaleza\/","title":{"rendered":"Gr\u00e3o-mestre de Muay Thai Evil\u00e1zio Feitoza realizar\u00e1 semin\u00e1rio em Fortaleza"},"content":{"rendered":"<p><a href=\"https:\/\/fortalezaetc.com.br\/evilazio-feitoza-seminario-fortaleza\/\" target=\"_blank\" rel=\"noopener\">https:\/\/fortalezaetc.com.br\/evilazio-feitoza-seminario-fortaleza\/<\/a><\/p>\n<p><img loading=\"lazy\" decoding=\"async\" class=\"wp-image-3033 size-full aligncenter\" src=\"http:\/\/www.fightersport.com.br\/wp-content\/uploads\/2018\/04\/IMG-20180413-WA00201-660x400.jpg\" alt=\"\" width=\"660\" height=\"400\" srcset=\"https:\/\/www.fightersport.com.br\/wp-content\/uploads\/2018\/04\/IMG-20180413-WA00201-660x400.jpg 660w, https:\/\/www.fightersport.com.br\/wp-content\/uploads\/2018\/04\/IMG-20180413-WA00201-660x400-300x182.jpg 300w\" sizes=\"(max-width: 660px) 100vw, 660px\" \/><\/p>\n<p>Fortaleza sediar\u00e1, entre os dias 05 e 07 de maio, o Fighter Sport, evento que contar\u00e1 com exames de gradua\u00e7\u00e3o e semin\u00e1rios com a presen\u00e7a do gr\u00e3o-mestre Evil\u00e1zio Feitoza.<\/p>\n<h3>Evil\u00e1zio Feitoza<\/h3>\n<p>O gr\u00e3o-mestre Evil\u00e1zio Feitoza \u00e9 precursor das artes marcias no Cear\u00e1, ele que \u00e9 refer\u00eancia mundial e detentor de uma das mais altas gradua\u00e7\u00f5es da modalidade ostentando o 15\u00ba Khan (Grand Master) de Muay Thai, faixa preta 8\u00ba Dan de Kickboxing, 5\u00ba Dan em Full Contact e como competidor fora 6 vezes campe\u00e3o brasileiro de Kickboxing (1983 a 1987).<\/p>\n<p>Evil\u00e1zio nasceu no Interior de Sobral e cresceu na Serra de Tiangu\u00e1 e vir\u00e1 direto de Nova York, nos Estados Unidos, para uma s\u00e9rie de semin\u00e1rios no estado.\u00a0<strong>Na oportunidade, ele realizar\u00e1 Exames de Gradua\u00e7\u00e3o e Capacita\u00e7\u00e3o em Muay Thai e Kick Boxing para os amantes do esporte.<\/strong><\/p>\n<p>O encontro vai contar com palestras junto com uma parte pr\u00e1tica para aperfei\u00e7oar os movimentos do esporte. De acordo com a organiza\u00e7\u00e3o, a ideia \u00e9 que os inscritos possam aprender dos movimentos b\u00e1sicos aos mais avan\u00e7ados da arte marcial.<\/p>\n<p>\u201cNo Semin\u00e1rio, n\u00f3s faremos demonstra\u00e7\u00f5es de t\u00e9cnicas de lutas de competi\u00e7\u00e3o, realizando treinos b\u00e1sicos e avan\u00e7ados, al\u00e9m de repassar o que h\u00e1 de mais moderno do mundo da luta. Nosso convite vai para al\u00e9m dos alunos, estendemos aos simpatizantes do esporte que tamb\u00e9m poder\u00e3o acompanhar o evento.\u201d, afirma Evil\u00e1zio.<\/p>\n<p>O evento ser\u00e1 realizado pela Fighter Sport com apoio da Federa\u00e7\u00e3o Cearense de Muay Thai (FCMT). O evento est\u00e1 marcado para os dias 5 (Maracana\u00fa), 6 e 7 (Fortaleza) , 11 e 12 de maio (Juazeiro do Norte).<\/p>\n<h3>PROGRAMA\u00c7\u00c3O:<\/h3>\n<p>S\u00e1bado \u2013 05 de maio<br \/>\nLocal: Galp\u00e3o de Lutas \/ Rua: Juta\u00ed Magalh\u00e3es, 81 \u2013 Maracana\u00fa\/CE<br \/>\nHor\u00e1rios: 9h \u2013 Semin\u00e1rio \/ 14h \u2013 Exame de Gradua\u00e7\u00e3o<br \/>\nContato: M\u00e1rcio Valente 85 9 8959.6288<\/p>\n<p>Domingo \u2013 06 de maio<br \/>\nLocal: Academia CrossGym \/ Rua: Rep. do L\u00edbano, 1415 \u2013 Varjota \u2013 Fortaleza\/CE<br \/>\nHor\u00e1rio: 9h \u2013 Semin\u00e1rio T\u00e9cnico<br \/>\nContato: Adriano Rocha 85 9 9164.2281<\/p>\n<p>Segunda \u2013 07 de maio<br \/>\nLocal: CT V8 \/ Av. Cel Jos\u00e9 Philomeno Gomes, 1148 \u2013 Luc. Cavalcante \u2013 Fortaleza\/CE<br \/>\nHor\u00e1rio: 9h \u2013 Semin\u00e1rio T\u00e9cnico<br \/>\nContato: Fernando Moura 85 9 9994.9203<\/p>\n","protected":false},"excerpt":{"rendered":"<p>https:\/\/fortalezaetc.com.br\/evilazio-feitoza-seminario-fortaleza\/ Fortaleza sediar\u00e1, entre os dias 05 e 07 de maio, o Fighter Sport, evento que contar\u00e1 com exames de gradua\u00e7\u00e3o e semin\u00e1rios com a presen\u00e7a do gr\u00e3o-mestre Evil\u00e1zio Feitoza. Evil\u00e1zio Feitoza O gr\u00e3o-mestre Evil\u00e1zio Feitoza \u00e9 precursor das artes marcias no Cear\u00e1, ele que \u00e9 refer\u00eancia mundial e detentor de uma das mais altas [&hellip;]<\/p>\n","protected":false},"author":1,"featured_media":3032,"comment_status":"closed","ping_status":"closed","sticky":false,"template":"","format":"standard","meta":{"_acf_changed":false,"footnotes":""},"categories":[3],"tags":[],"class_list":["post-3031","post","type-post","status-publish","format-standard","has-post-thumbnail","hentry","category-news"],"acf":[],"_links":{"self":[{"href":"https:\/\/www.fightersport.com.br\/pt\/wp-json\/wp\/v2\/posts\/3031"}],"collection":[{"href":"https:\/\/www.fightersport.com.br\/pt\/wp-json\/wp\/v2\/posts"}],"about":[{"href":"https:\/\/www.fightersport.com.br\/pt\/wp-json\/wp\/v2\/types\/post"}],"author":[{"embeddable":true,"href":"https:\/\/www.fightersport.com.br\/pt\/wp-json\/wp\/v2\/users\/1"}],"replies":[{"embeddable":true,"href":"https:\/\/www.fightersport.com.br\/pt\/wp-json\/wp\/v2\/comments?post=3031"}],"version-history":[{"count":3,"href":"https:\/\/www.fightersport.com.br\/pt\/wp-json\/wp\/v2\/posts\/3031\/revisions"}],"predecessor-version":[{"id":3036,"href":"https:\/\/www.fightersport.com.br\/pt\/wp-json\/wp\/v2\/posts\/3031\/revisions\/3036"}],"wp:featuredmedia":[{"embeddable":true,"href":"https:\/\/www.fightersport.com.br\/pt\/wp-json\/wp\/v2\/media\/3032"}],"wp:attachment":[{"href":"https:\/\/www.fightersport.com.br\/pt\/wp-json\/wp\/v2\/media?parent=3031"}],"wp:term":[{"taxonomy":"category","embeddable":true,"href":"https:\/\/www.fightersport.com.br\/pt\/wp-json\/wp\/v2\/categories?post=3031"},{"taxonomy":"post_tag","embeddable":true,"href":"https:\/\/www.fightersport.com.br\/pt\/wp-json\/wp\/v2\/tags?post=3031"}],"curies":[{"name":"wp","href":"https:\/\/api.w.org\/{rel}","templated":true}]}}