{"id":3081,"date":"2018-04-26T17:30:04","date_gmt":"2018-04-26T20:30:04","guid":{"rendered":"http:\/\/www.fightersport.com.br\/pt\/?p=3081"},"modified":"2021-08-04T13:02:06","modified_gmt":"2021-08-04T16:02:06","slug":"tv-verdes-mares-ge-back-grand-master-of-muay-thai-from-ceara-holds-seminars-in-the-state","status":"publish","type":"post","link":"https:\/\/www.fightersport.com.br\/pt\/tv-verdes-mares-ge-back-grand-master-of-muay-thai-from-ceara-holds-seminars-in-the-state\/","title":{"rendered":"TV Verdes Mares \/ GE &#8211; De volta, cearense gr\u00e3o-mestre de Muay Thai realiza semin\u00e1rios no estado"},"content":{"rendered":"<div class=\"column medium-centered medium-19 large-18\">\n<p class=\"content-head__title\">De volta, cearense gr\u00e3o-mestre de Muay Thai realiza semin\u00e1rios no estado<\/p>\n<\/div>\n<div class=\"column medium-centered medium-17 large-14 xlarge-16\">\n<p class=\"content-head__subtitle\">Em maio, Evilazio Feitoza vir\u00e1 ao Cear\u00e1 para realizar ministrar oficinas pr\u00e1ticas sobre melhoramento de performance nas artes marciais.<\/p>\n<div id=\"attachment_3082\" style=\"width: 510px\"  class=\"wp-caption aligncenter\"><img loading=\"lazy\" decoding=\"async\" class=\"wp-image-3082\" src=\"http:\/\/www.fightersport.com.br\/wp-content\/uploads\/2018\/04\/img-20180413-wa0021-300x231.jpg\" alt=\"\" width=\"500\" height=\"385\" srcset=\"https:\/\/www.fightersport.com.br\/wp-content\/uploads\/2018\/04\/img-20180413-wa0021-300x231.jpg 300w, https:\/\/www.fightersport.com.br\/wp-content\/uploads\/2018\/04\/img-20180413-wa0021-768x591.jpg 768w, https:\/\/www.fightersport.com.br\/wp-content\/uploads\/2018\/04\/img-20180413-wa0021.jpg 1000w\" sizes=\"(max-width: 500px) 100vw, 500px\" \/><p class=\"wp-caption-text\">Evil\u00e1zio nasceu no interior de Sobral. O aleta coleciona t\u00edtulos nas artes marciais (Foto: Divulga\u00e7\u00e3o)<\/p><\/div>\n<\/div>\n<p>Evilazio Feitoza luta muay thai h\u00e1 47 anos. Aos 57, o gr\u00e3o-mestre \u00e9 precursor das artes marciais no Cear\u00e1, refer\u00eancia mundial e detentor de uma das mais altas gradua\u00e7\u00f5es da modalidade ostentando o 15\u00ba Khan (Grand Master) de Muay Thai, faixa preta 8\u00ba Dan de kickboxing, 5\u00ba Dan em full contact e, como competidor, fora cinco vezes campe\u00e3o brasileiro de kickboxing (1983 a 1987).<\/p>\n<div class=\"mc-column content-text active-extra-styles \" data-block-type=\"unstyled\" data-block-weight=\"56\" data-block-id=\"3\">\n<p class=\"content-text__container \" data-track-category=\"Link no Texto\" data-track-links=\"\">Evilazio nasceu no interior de Sobral e cresceu na Serra de Tiangu\u00e1. H\u00e1 quatro anos, o atleta mora em Nova York, nos Estados Unidos. Em maio, o lutador vir\u00e1 ao Cear\u00e1 para realizar uma s\u00e9rie de semin\u00e1rios. Na oportunidade, ele realizar\u00e1 exames de gradua\u00e7\u00e3o e capacita\u00e7\u00e3o em muay thai e kickboxing para os amantes do esporte.<\/p>\n<\/div>\n<div class=\"mc-column content-text active-extra-styles \" data-block-type=\"unstyled\" data-block-weight=\"61\" data-block-id=\"4\">\n<p class=\"content-text__container \" data-track-category=\"Link no Texto\" data-track-links=\"\">&#8211; Tenho uma rela\u00e7\u00e3o muito pr\u00f3xima com o Cear\u00e1. Fui um dos primeiros no mundo das artes marciais e fico feliz que o trabalho tenha uma continuidade. Tive academia na regi\u00e3o durante 25 anos, e meu trabalho segue. Os outros d\u00e3o continuidade e para mim somos todos uma fam\u00edlia. Sou agradecido por ter plantado essa semente &#8211; destaca o faixa preta.<\/p>\n<div id=\"attachment_3083\" style=\"width: 510px\"  class=\"wp-caption aligncenter\"><img loading=\"lazy\" decoding=\"async\" class=\"wp-image-3083\" src=\"http:\/\/www.fightersport.com.br\/wp-content\/uploads\/2018\/04\/img-20180413-wa0023-300x134.jpg\" alt=\"\" width=\"500\" height=\"224\" srcset=\"https:\/\/www.fightersport.com.br\/wp-content\/uploads\/2018\/04\/img-20180413-wa0023-300x134.jpg 300w, https:\/\/www.fightersport.com.br\/wp-content\/uploads\/2018\/04\/img-20180413-wa0023-768x344.jpg 768w, https:\/\/www.fightersport.com.br\/wp-content\/uploads\/2018\/04\/img-20180413-wa0023.jpg 1000w\" sizes=\"(max-width: 500px) 100vw, 500px\" \/><p class=\"wp-caption-text\">O lutador tamb\u00e9m atua como consultor, palestrante, treinador e promotor de esportes em outros pa\u00edses da Am\u00e9rica do Sul e da Europa (Foto: Divulga\u00e7\u00e3o)<\/p><\/div>\n<p>Evil\u00e1zio j\u00e1 revelou para o mundo da luta diversos atletas de ponta, entre eles: Thiago Alves (Pitbull) lutador do UFC, Paulo Guerreiro, Junior Killer, Andrezinho Nogueira, al\u00e9m de nomes consagrados como Jorge Patino \u201cMacaco\u201d, James Adler, Ricardo Freire, Gabriel Nap\u00e3o, Assu\u00e9rio Silva. Atualmente leciona na academia do ex-lutador e campe\u00e3o do UFC, Matt Serra, e do faixa-preta Renzo Gracie, em Nova York. Tamb\u00e9m atua como consultor, palestrante, treinador e promotor de esportes em outros pa\u00edses da Am\u00e9rica do Sul e da Europa.<\/p>\n<div class=\"mc-column content-text active-extra-styles \" data-block-type=\"unstyled\" data-block-weight=\"78\" data-block-id=\"8\">\n<p class=\"content-text__container \" data-track-category=\"Link no Texto\" data-track-links=\"\">O evento em Fortaleza ser\u00e1 realizado pela Fighter Sport com apoio da Federa\u00e7\u00e3o Cearense de Muay Thai (FCMT) e est\u00e1 marcado para os dias 5 (Maracana\u00fa), 6 e 7 (Fortaleza) , 11 e 12 de maio (Juazeiro do Norte). O encontro vai contar com palestras junto com uma parte pr\u00e1tica para aperfei\u00e7oar os movimentos do esporte. De acordo com a organiza\u00e7\u00e3o, a ideia \u00e9 que os inscritos possam aprender dos movimentos b\u00e1sicos aos mais avan\u00e7ados da arte marcial.<\/p>\n<\/div>\n<div class=\"mc-column content-text active-extra-styles \" data-block-type=\"unstyled\" data-block-weight=\"76\" data-block-id=\"9\">\n<p class=\"content-text__container \" data-track-category=\"Link no Texto\" data-track-links=\"\">&#8211; Ser\u00e1 um semin\u00e1rio totalmente pr\u00e1tico. N\u00f3s faremos demonstra\u00e7\u00f5es de t\u00e9cnicas de lutas de competi\u00e7\u00e3o, realizando treinos b\u00e1sicos e avan\u00e7ados, al\u00e9m de repassar o que h\u00e1 de mais moderno do mundo da luta. \u00c9 um momento de melhoramento da t\u00e9cnica, de lapida\u00e7\u00e3o. Nosso convite vai para al\u00e9m dos alunos, estendemos aos simpatizantes do esporte que tamb\u00e9m poder\u00e3o acompanhar o evento. \u00c9 sempre uma viv\u00eancia muito interessante, tamb\u00e9m recebo muito aprendizado, h\u00e1 uma enorme troca &#8211; afirma.<\/p>\n<\/div>\n<div data-track-category=\"fim do conteudo\" data-track-action=\"ultimo chunk conteudo\" data-track-noninteraction=\"false\" data-track-scroll=\"entrada completa viewport\">\n<div class=\"mc-column content-text active-extra-styles \" data-block-type=\"unstyled\" data-block-weight=\"25\" data-block-id=\"10\">\n<p class=\"content-text__container \" data-track-category=\"Link no Texto\" data-track-links=\"\"><strong>Servi\u00e7o:<br \/>\n<\/strong>Para ter acesso \u00e0 toda programa\u00e7\u00e3o e realizar inscri\u00e7\u00e3o para exames de gradua\u00e7\u00e3o e semin\u00e1rios t\u00e9cnicos, v\u00e1 at\u00e9 o site da Fighter Sport (<a href=\"http:\/\/www.fightersport.com.br\/pt\/graduacao\/\">http:\/\/www.fightersport.com.br\/pt\/graduacao\/<\/a>).<\/p>\n<\/div>\n<\/div>\n<p><a href=\"https:\/\/globoesporte.globo.com\/ce\/noticia\/de-volta-cearense-grao-mestre-de-muay-thai-realiza-seminarios-no-estado.ghtml\" target=\"_blank\" rel=\"noopener\">FONTE: TV VERDES MARES \/ GLOBO ESPORTE<\/a><\/p>\n<\/div>\n","protected":false},"excerpt":{"rendered":"<p>De volta, cearense gr\u00e3o-mestre de Muay Thai realiza semin\u00e1rios no estado Em maio, Evilazio Feitoza vir\u00e1 ao Cear\u00e1 para realizar ministrar oficinas pr\u00e1ticas sobre melhoramento de performance nas artes marciais. Evilazio Feitoza luta muay thai h\u00e1 47 anos. Aos 57, o gr\u00e3o-mestre \u00e9 precursor das artes marciais no Cear\u00e1, refer\u00eancia mundial e detentor de uma [&hellip;]<\/p>\n","protected":false},"author":1,"featured_media":3084,"comment_status":"closed","ping_status":"closed","sticky":false,"template":"","format":"standard","meta":{"_acf_changed":false,"footnotes":""},"categories":[3],"tags":[],"class_list":["post-3081","post","type-post","status-publish","format-standard","has-post-thumbnail","hentry","category-news"],"acf":[],"_links":{"self":[{"href":"https:\/\/www.fightersport.com.br\/pt\/wp-json\/wp\/v2\/posts\/3081"}],"collection":[{"href":"https:\/\/www.fightersport.com.br\/pt\/wp-json\/wp\/v2\/posts"}],"about":[{"href":"https:\/\/www.fightersport.com.br\/pt\/wp-json\/wp\/v2\/types\/post"}],"author":[{"embeddable":true,"href":"https:\/\/www.fightersport.com.br\/pt\/wp-json\/wp\/v2\/users\/1"}],"replies":[{"embeddable":true,"href":"https:\/\/www.fightersport.com.br\/pt\/wp-json\/wp\/v2\/comments?post=3081"}],"version-history":[{"count":4,"href":"https:\/\/www.fightersport.com.br\/pt\/wp-json\/wp\/v2\/posts\/3081\/revisions"}],"predecessor-version":[{"id":4283,"href":"https:\/\/www.fightersport.com.br\/pt\/wp-json\/wp\/v2\/posts\/3081\/revisions\/4283"}],"wp:featuredmedia":[{"embeddable":true,"href":"https:\/\/www.fightersport.com.br\/pt\/wp-json\/wp\/v2\/media\/3084"}],"wp:attachment":[{"href":"https:\/\/www.fightersport.com.br\/pt\/wp-json\/wp\/v2\/media?parent=3081"}],"wp:term":[{"taxonomy":"category","embeddable":true,"href":"https:\/\/www.fightersport.com.br\/pt\/wp-json\/wp\/v2\/categories?post=3081"},{"taxonomy":"post_tag","embeddable":true,"href":"https:\/\/www.fightersport.com.br\/pt\/wp-json\/wp\/v2\/tags?post=3081"}],"curies":[{"name":"wp","href":"https:\/\/api.w.org\/{rel}","templated":true}]}}