{"id":4142,"date":"2020-05-21T10:49:38","date_gmt":"2020-05-21T13:49:38","guid":{"rendered":"http:\/\/www.fightersport.com.br\/pt\/?p=4142"},"modified":"2020-05-21T10:52:16","modified_gmt":"2020-05-21T13:52:16","slug":"diario-do-nordeste-mestre-cearense-de-mma-relata-rotina-dificil-em-nova-iorque","status":"publish","type":"post","link":"https:\/\/www.fightersport.com.br\/pt\/diario-do-nordeste-mestre-cearense-de-mma-relata-rotina-dificil-em-nova-iorque\/","title":{"rendered":"Di\u00e1rio do Nordeste | Mestre cearense de MMA relata rotina dif\u00edcil em Nova Iorque"},"content":{"rendered":"<h3><img loading=\"lazy\" decoding=\"async\" class=\"alignnone size-medium wp-image-4143\" src=\"http:\/\/www.fightersport.com.br\/wp-content\/uploads\/2020\/05\/image-300x169.jpeg\" alt=\"\" width=\"300\" height=\"169\" srcset=\"https:\/\/www.fightersport.com.br\/wp-content\/uploads\/2020\/05\/image-300x169.jpeg 300w, https:\/\/www.fightersport.com.br\/wp-content\/uploads\/2020\/05\/image-1024x576.jpeg 1024w, https:\/\/www.fightersport.com.br\/wp-content\/uploads\/2020\/05\/image-768x432.jpeg 768w, https:\/\/www.fightersport.com.br\/wp-content\/uploads\/2020\/05\/image.jpeg 1440w\" sizes=\"(max-width: 300px) 100vw, 300px\" \/><\/h3>\n<p><!--more--><\/p>\n<h3 class=\"c-article__subheading\">Evil\u00e1zio Feitosa tamb\u00e9m considerou precipitada a realiza\u00e7\u00e3o de eventos do UFC<\/h3>\n<p>A situa\u00e7\u00e3o n\u00e3o est\u00e1 f\u00e1cil no Brasil, tampouco nas grandes pot\u00eancias do mundo. Vivendo em\u00a0<strong>Nova Iorque<\/strong>, nos\u00a0<strong>Estados Unidos<\/strong>, o mestre das artes marciais mistas,\u00a0<strong>Evil\u00e1zio Feitoza<\/strong>, vive rotina complicada na cidade considerada o epicentro do coronav\u00edrus no planeta.<\/p>\n<p>Cearense com longa hist\u00f3ria nas artes marciais mistas, Evil\u00e1zio revelou atletas como o tamb\u00e9m cearense\u00a0<strong>Thiago \u201cPitbull\u201d Alves<\/strong>, ex-lutador do UFC e hoje t\u00e9cnico da\u00a0<strong>American Top Team<\/strong>. Tem academia estruturada em Long Island, ao leste de Manhattan, reside e trabalha nos Estados Unidos. Ele relata o drama e a rotina de passar a conviver com a pandemia que assombra o mundo.<\/p>\n<blockquote>\n<h2 style=\"text-align: center;\">&#8220;Minha rotina em Nova York tem sido com todos os cuidados e orienta\u00e7\u00f5es dadas pelas autoridades de sa\u00fade como; isolamento social, sair de casa apenas para fazer servi\u00e7os essenciais, ir ao supermercado usando prote\u00e7\u00f5es como m\u00e1scaras e luvas. Cuido da minha sa\u00fade f\u00edsica e mental fazendo algumas atividades em casa e outras ao ar livre quando o tempo ajuda, mas tudo com muita responsabilidade e consci\u00eancia\u201d, pontuou o mestre cearense.&#8221;<\/h2>\n<\/blockquote>\n<p>Com v\u00e1rios alunos filiados \u00e0 academia Fighter Sport, a qual \u00e9 propriet\u00e1rio, Evil\u00e1zio Feitoza segue orientando os adeptos das artes marciais mistas, mesmo \u00e0 dist\u00e2ncia, j\u00e1 que a pr\u00e1tica de v\u00eddeo aulas na terra do Tio Sam n\u00e3o \u00e9 novidade. \u201cMinhas aulas de Muaythai\/MMA particulares se limitam em v\u00eddeo aula e gra\u00e7as a Deus tenho trabalhado bastante, at\u00e9 porque os americanos j\u00e1 est\u00e3o acostumados com esse tipo de servi\u00e7o. Ent\u00e3o facilita a rela\u00e7\u00e3o entre professor e aluno\u201d.<\/p>\n<p><strong>Precipitado<\/strong><\/p>\n<p>Exatamente nos estados Unidos foi dado o primeiro passo para a volta dos esportes, atrav\u00e9s de tr\u00eas eventos do UFC, a maior organiza\u00e7\u00e3o de MMA do mundo, no intervalo de apenas uma semana. Logo no primeiro deles, o brasileiro Ronaldo Jacar\u00e9, considerado um dos maiores lutadores do evento, testou positivo para o novo coronav\u00edrus e foi retirado do card.<\/p>\n<p>Apesar disso, o evento foi realizado, mas com algumas atitudes que deixam um ar de preocupa\u00e7\u00e3o em todos, como a n\u00e3o utiliza\u00e7\u00e3o de m\u00e1scaras de atletas nas encaradas e dos \u00e1rbitros durante os combates. \u201cCreio que o momento do retorno foi precipitado. At\u00e9 porque o UFC influencia as outras organiza\u00e7\u00f5es e nada vai impedir o retorno de alguma delas, j\u00e1 que a maior organiza\u00e7\u00e3o de lutas est\u00e1 promovendo eventos. O Ronaldo (Jacar\u00e9) mesmo ode ter infectado outras pessoas. \u00c9 um risco muito grande Eu n\u00e3o aprovo at\u00e9 que a curva chegue a um \u00edndice control\u00e1vel em todo o mundo\u201d, disse Evil\u00e1zio.<\/p>\n<p>Enquanto as autoridades de sa\u00fade lutam para controlar ou achar a vacina para o Covid-19, Evil\u00e1zio, assim como outros brasileiros que residem e trabalham nos Estados Unidos, tentam superar o momento cr\u00edtico que passa toda a humanidade, acreditando sempre em dias melhores, por\u00e9m imprevis\u00edveis. \u201cNo momento estou vivendo um dia de cada vez com a esperan\u00e7a de que tudo isso acabe o mais r\u00e1pido poss\u00edvel. N\u00e3o da para prever em quanto tempo o mundo ir\u00e1 se recuperar de todo esse impacto causado por essa pandemia. Mas seguimos confiantes e com f\u00e9 que vai da tudo certo!\u201d, completou.<\/p>\n<p>&nbsp;<\/p>\n","protected":false},"excerpt":{"rendered":"","protected":false},"author":1,"featured_media":4143,"comment_status":"closed","ping_status":"closed","sticky":false,"template":"","format":"standard","meta":{"_acf_changed":false,"footnotes":""},"categories":[3],"tags":[],"class_list":["post-4142","post","type-post","status-publish","format-standard","has-post-thumbnail","hentry","category-news"],"acf":[],"_links":{"self":[{"href":"https:\/\/www.fightersport.com.br\/pt\/wp-json\/wp\/v2\/posts\/4142"}],"collection":[{"href":"https:\/\/www.fightersport.com.br\/pt\/wp-json\/wp\/v2\/posts"}],"about":[{"href":"https:\/\/www.fightersport.com.br\/pt\/wp-json\/wp\/v2\/types\/post"}],"author":[{"embeddable":true,"href":"https:\/\/www.fightersport.com.br\/pt\/wp-json\/wp\/v2\/users\/1"}],"replies":[{"embeddable":true,"href":"https:\/\/www.fightersport.com.br\/pt\/wp-json\/wp\/v2\/comments?post=4142"}],"version-history":[{"count":3,"href":"https:\/\/www.fightersport.com.br\/pt\/wp-json\/wp\/v2\/posts\/4142\/revisions"}],"predecessor-version":[{"id":4146,"href":"https:\/\/www.fightersport.com.br\/pt\/wp-json\/wp\/v2\/posts\/4142\/revisions\/4146"}],"wp:featuredmedia":[{"embeddable":true,"href":"https:\/\/www.fightersport.com.br\/pt\/wp-json\/wp\/v2\/media\/4143"}],"wp:attachment":[{"href":"https:\/\/www.fightersport.com.br\/pt\/wp-json\/wp\/v2\/media?parent=4142"}],"wp:term":[{"taxonomy":"category","embeddable":true,"href":"https:\/\/www.fightersport.com.br\/pt\/wp-json\/wp\/v2\/categories?post=4142"},{"taxonomy":"post_tag","embeddable":true,"href":"https:\/\/www.fightersport.com.br\/pt\/wp-json\/wp\/v2\/tags?post=4142"}],"curies":[{"name":"wp","href":"https:\/\/api.w.org\/{rel}","templated":true}]}}