{"id":4149,"date":"2020-09-23T11:51:18","date_gmt":"2020-09-23T14:51:18","guid":{"rendered":"http:\/\/www.fightersport.com.br\/pt\/?p=4149"},"modified":"2020-09-23T11:55:02","modified_gmt":"2020-09-23T14:55:02","slug":"blog-do-olivar-bate-papo-com-o-mestre","status":"publish","type":"post","link":"https:\/\/www.fightersport.com.br\/pt\/blog-do-olivar-bate-papo-com-o-mestre\/","title":{"rendered":"Blog do Olivar | Bate Papo com o Mestre"},"content":{"rendered":"<p><img loading=\"lazy\" decoding=\"async\" class=\"size-medium wp-image-4151 aligncenter\" src=\"http:\/\/www.fightersport.com.br\/wp-content\/uploads\/2020\/09\/evilazio1-212x300.jpg\" alt=\"\" width=\"212\" height=\"300\" srcset=\"https:\/\/www.fightersport.com.br\/wp-content\/uploads\/2020\/09\/evilazio1-212x300.jpg 212w, https:\/\/www.fightersport.com.br\/wp-content\/uploads\/2020\/09\/evilazio1-723x1024.jpg 723w, https:\/\/www.fightersport.com.br\/wp-content\/uploads\/2020\/09\/evilazio1-768x1087.jpg 768w, https:\/\/www.fightersport.com.br\/wp-content\/uploads\/2020\/09\/evilazio1.jpg 904w\" sizes=\"(max-width: 212px) 100vw, 212px\" \/><\/p>\n<p>Bati um bom papo com meu amigo o Grande Mestre\u00a0Evil\u00e1zio Feitosa\u00a0e voc\u00ea acompanha abaixo:<\/p>\n<p>Comecei\u00a0 rebuscando o passado e falar sobre suas lutas de Contato Total e eu aproveitei para perguntar\u00a0 quem foi seu advers\u00e1rio mais duro ?<\/p>\n<p><i>Isa\u00fa Matos Soares, o &#8221; Torr\u00e3o &#8221; sem desmerecer os demais, mas ele realmente tinha um jogo de entrar no Psicol\u00f3gico dos advers\u00e1rios, tive a honra e alegria de ter sido campe\u00e3o brasileiro em cima dele e depois disso ele me venceu por nocaute, foi uma luta que n\u00e3o seria ele o advers\u00e1rio, mas aconteceu e foi no programa do saudoso Goulart de Andrade.<\/i><\/p>\n<p>Perguntei sobre organiza\u00e7\u00e3o de campeonatos e outros eventos :<\/p>\n<p><i>Eu sempre ajudei o Mestre Adriano Silva nas promo\u00e7\u00f5es dos eventos dele, nos bastidores mas em 1.993 eu realizei em S\u00e3o Paulo o primeiro inter estadual com representantes do Maranh\u00e3o , Bahia, Minas, Esp\u00edrito Santo, Rio de Janeiro, Cear\u00e1 e S\u00e3o Paulo. Acho, se n\u00e3o me engano a primeira vez que o Wanderlei lutou recebendo bolsa, foi campe\u00e3o assim como o Pel\u00e9.<\/i><\/p>\n<p><img loading=\"lazy\" decoding=\"async\" class=\"size-medium wp-image-4150 aligncenter\" src=\"http:\/\/www.fightersport.com.br\/wp-content\/uploads\/2020\/09\/e2-225x300.jpg\" alt=\"\" width=\"225\" height=\"300\" srcset=\"https:\/\/www.fightersport.com.br\/wp-content\/uploads\/2020\/09\/e2-225x300.jpg 225w, https:\/\/www.fightersport.com.br\/wp-content\/uploads\/2020\/09\/e2-768x1024.jpg 768w, https:\/\/www.fightersport.com.br\/wp-content\/uploads\/2020\/09\/e2-1152x1536.jpg 1152w, https:\/\/www.fightersport.com.br\/wp-content\/uploads\/2020\/09\/e2.jpg 1200w\" sizes=\"(max-width: 225px) 100vw, 225px\" \/><\/p>\n<p>Quis saber do Mestre e amigo como ele estava enxergando o Muay Thai no Cear\u00e1 e no mundo :<\/p>\n<p><i>Eu acho que o Muay Thai no Cear\u00e1 e no Mundo cresceu bastante, apesar de achar que de uma forma meio desordenada pelo fato das pessoas verem como meio de vida, de ganhar dinheiro, e n\u00e3o querem ser alunos, querem ser s\u00f3 professor, mas vejo o Brasil como um grande celeiro fundamental para o real crescimento desse esporte no mundo, mesmo a Thail\u00e2ndia sendo o ber\u00e7o, guerreiros como o Pel\u00e9, o Wanderlei come\u00e7aram a usar a modalidade no Vale Tudo dando enorme visibilidade e ao contr\u00e1rio de que todo mundo fala que o Brasil n\u00e3o tem Muay Thai, na minha concep\u00e7\u00e3o eles foram respons\u00e1veis por essa explos\u00e3o no mundo do Muay Thai, eu vi o Muay Thai crescer atrav\u00e9s de lutadores como Marco Ruas, Pedro Rizzo e como j\u00e1 disse o Pel\u00e9 e o Wanderley .<\/i><\/p>\n<p>Fiquei curioso em saber quais lutadores de MMA enchiam os olhos dele:<\/p>\n<p><i>No MMA atual atletas que me enchem os olhos \u00e9 esse menino campe\u00e3o o Deivison , j\u00e1 uma realidade , e acho que vai permanecer por muitos anos, o Gilbert Durinho que vai ser campe\u00e3o , o Borrachinha que acredito tamb\u00e9m que v\u00e1 conquistar o cintur\u00e3o, a Amanda Ribas que agrada demais, acho que o Brasil vai voltar a dominar em muito breve novamente o cen\u00e1rio mundial do MMA com a conci\u00eancia de treinar o MIX e n\u00e3o s\u00f3 a modalidade de origem.<\/i><\/p>\n<p>Deixei ent\u00e3o o Mestre \u00e1 vontade para fazer seus agradecimentos :<\/p>\n<p><i>Desde j\u00e1 agradecer a Deus, a voc\u00ea Olivar pelo seu trabalho como jornalista, announcer, lutador, e as todas as pessoas que torcem por mim,que me seguem, quero continuar contribuindo , levando o conhecimento e aprendendo tamb\u00e9m como essa mo\u00e7ada, que praticam as artes marciais, quero informar a todos que no fim de ano estarei no Brasil para uma sequ\u00eancia de semin\u00e1rios, j\u00e1 fechamos, S\u00e3o Paulo, Fortaleza\u00a0 e adoraria ir ao Maranh\u00e3o.<\/i><\/p>\n<p><i>Meu muito obrigado a todos !<\/i><\/p>\n<p>Encerrou o Mestre Evilazio assim o nosso papo.<\/p>\n<p>NOTA : O maranhense foi Francisco Silva de Andrade, aluno da Doj\u00f4 e foi campe\u00e3o na categoria at\u00e9 63 kg.<\/p>\n<p><img loading=\"lazy\" decoding=\"async\" class=\"alignnone size-medium wp-image-4152 aligncenter\" src=\"http:\/\/www.fightersport.com.br\/wp-content\/uploads\/2020\/09\/evilazio2-300x300.png\" alt=\"\" width=\"300\" height=\"300\" srcset=\"https:\/\/www.fightersport.com.br\/wp-content\/uploads\/2020\/09\/evilazio2-300x300.png 300w, https:\/\/www.fightersport.com.br\/wp-content\/uploads\/2020\/09\/evilazio2-150x150.png 150w, https:\/\/www.fightersport.com.br\/wp-content\/uploads\/2020\/09\/evilazio2.png 640w\" sizes=\"(max-width: 300px) 100vw, 300px\" \/><\/p>\n<p><img loading=\"lazy\" decoding=\"async\" class=\"size-medium wp-image-4153 aligncenter\" src=\"http:\/\/www.fightersport.com.br\/wp-content\/uploads\/2020\/09\/evilazio3-300x169.jpg\" alt=\"\" width=\"300\" height=\"169\" srcset=\"https:\/\/www.fightersport.com.br\/wp-content\/uploads\/2020\/09\/evilazio3-300x169.jpg 300w, https:\/\/www.fightersport.com.br\/wp-content\/uploads\/2020\/09\/evilazio3-1024x576.jpg 1024w, https:\/\/www.fightersport.com.br\/wp-content\/uploads\/2020\/09\/evilazio3-768x432.jpg 768w, https:\/\/www.fightersport.com.br\/wp-content\/uploads\/2020\/09\/evilazio3.jpg 1280w\" sizes=\"(max-width: 300px) 100vw, 300px\" \/><\/p>\n<p style=\"text-align: center;\"><img loading=\"lazy\" decoding=\"async\" class=\"size-medium wp-image-4154 aligncenter\" src=\"http:\/\/www.fightersport.com.br\/wp-content\/uploads\/2020\/09\/evilazio4-300x300.jpg\" alt=\"\" width=\"300\" height=\"300\" srcset=\"https:\/\/www.fightersport.com.br\/wp-content\/uploads\/2020\/09\/evilazio4-300x300.jpg 300w, https:\/\/www.fightersport.com.br\/wp-content\/uploads\/2020\/09\/evilazio4-150x150.jpg 150w, https:\/\/www.fightersport.com.br\/wp-content\/uploads\/2020\/09\/evilazio4.jpg 478w\" sizes=\"(max-width: 300px) 100vw, 300px\" \/> <img loading=\"lazy\" decoding=\"async\" class=\"size-medium wp-image-4155 aligncenter\" src=\"http:\/\/www.fightersport.com.br\/wp-content\/uploads\/2020\/09\/evilazio5-247x300.jpg\" alt=\"\" width=\"247\" height=\"300\" srcset=\"https:\/\/www.fightersport.com.br\/wp-content\/uploads\/2020\/09\/evilazio5-247x300.jpg 247w, https:\/\/www.fightersport.com.br\/wp-content\/uploads\/2020\/09\/evilazio5-845x1024.jpg 845w, https:\/\/www.fightersport.com.br\/wp-content\/uploads\/2020\/09\/evilazio5-768x931.jpg 768w, https:\/\/www.fightersport.com.br\/wp-content\/uploads\/2020\/09\/evilazio5-1267x1536.jpg 1267w, https:\/\/www.fightersport.com.br\/wp-content\/uploads\/2020\/09\/evilazio5.jpg 1689w\" sizes=\"(max-width: 247px) 100vw, 247px\" \/> <img loading=\"lazy\" decoding=\"async\" class=\"alignnone size-medium wp-image-4156\" src=\"http:\/\/www.fightersport.com.br\/wp-content\/uploads\/2020\/09\/EVILAZIO7-259x300.jpg\" alt=\"\" width=\"259\" height=\"300\" srcset=\"https:\/\/www.fightersport.com.br\/wp-content\/uploads\/2020\/09\/EVILAZIO7-259x300.jpg 259w, https:\/\/www.fightersport.com.br\/wp-content\/uploads\/2020\/09\/EVILAZIO7.jpg 454w\" sizes=\"(max-width: 259px) 100vw, 259px\" \/><\/p>\n<p>&nbsp;<\/p>\n","protected":false},"excerpt":{"rendered":"<p>Bati um bom papo com meu amigo o Grande Mestre\u00a0Evil\u00e1zio Feitosa\u00a0e voc\u00ea acompanha abaixo: Comecei\u00a0 rebuscando o passado e falar sobre suas lutas de Contato Total e eu aproveitei para perguntar\u00a0 quem foi seu advers\u00e1rio mais duro ? Isa\u00fa Matos Soares, o &#8221; Torr\u00e3o &#8221; sem desmerecer os demais, mas ele realmente tinha um jogo [&hellip;]<\/p>\n","protected":false},"author":1,"featured_media":4151,"comment_status":"closed","ping_status":"closed","sticky":false,"template":"","format":"standard","meta":{"_acf_changed":false,"footnotes":""},"categories":[3],"tags":[],"class_list":["post-4149","post","type-post","status-publish","format-standard","has-post-thumbnail","hentry","category-news"],"acf":[],"_links":{"self":[{"href":"https:\/\/www.fightersport.com.br\/pt\/wp-json\/wp\/v2\/posts\/4149"}],"collection":[{"href":"https:\/\/www.fightersport.com.br\/pt\/wp-json\/wp\/v2\/posts"}],"about":[{"href":"https:\/\/www.fightersport.com.br\/pt\/wp-json\/wp\/v2\/types\/post"}],"author":[{"embeddable":true,"href":"https:\/\/www.fightersport.com.br\/pt\/wp-json\/wp\/v2\/users\/1"}],"replies":[{"embeddable":true,"href":"https:\/\/www.fightersport.com.br\/pt\/wp-json\/wp\/v2\/comments?post=4149"}],"version-history":[{"count":4,"href":"https:\/\/www.fightersport.com.br\/pt\/wp-json\/wp\/v2\/posts\/4149\/revisions"}],"predecessor-version":[{"id":4160,"href":"https:\/\/www.fightersport.com.br\/pt\/wp-json\/wp\/v2\/posts\/4149\/revisions\/4160"}],"wp:featuredmedia":[{"embeddable":true,"href":"https:\/\/www.fightersport.com.br\/pt\/wp-json\/wp\/v2\/media\/4151"}],"wp:attachment":[{"href":"https:\/\/www.fightersport.com.br\/pt\/wp-json\/wp\/v2\/media?parent=4149"}],"wp:term":[{"taxonomy":"category","embeddable":true,"href":"https:\/\/www.fightersport.com.br\/pt\/wp-json\/wp\/v2\/categories?post=4149"},{"taxonomy":"post_tag","embeddable":true,"href":"https:\/\/www.fightersport.com.br\/pt\/wp-json\/wp\/v2\/tags?post=4149"}],"curies":[{"name":"wp","href":"https:\/\/api.w.org\/{rel}","templated":true}]}}